{"id":758,"date":"2021-06-14T17:11:42","date_gmt":"2021-06-14T15:11:42","guid":{"rendered":"https:\/\/www.dodigital.it\/?p=758"},"modified":"2022-10-14T11:35:06","modified_gmt":"2022-10-14T09:35:06","slug":"webinar-creare-imprese-intelligenti-dal-dato-al-valore-in-3-step","status":"publish","type":"post","link":"https:\/\/www.dodigital.it\/en\/webinar-creare-imprese-intelligenti-dal-dato-al-valore-in-3-step\/","title":{"rendered":"Webinar | Creare imprese intelligenti: dal dato al valore in 3 step"},"content":{"rendered":"<h2><img loading=\"lazy\" decoding=\"async\" class=\"wp-image-943 aligncenter\" src=\"https:\/\/www.dodigital.it\/wp-content\/uploads\/2021\/06\/Webinar-IA_Locandina_v5_Picc-300x169.jpg\" alt=\"\" width=\"655\" height=\"369\" srcset=\"https:\/\/www.dodigital.it\/wp-content\/uploads\/2021\/06\/Webinar-IA_Locandina_v5_Picc-300x169.jpg 300w, https:\/\/www.dodigital.it\/wp-content\/uploads\/2021\/06\/Webinar-IA_Locandina_v5_Picc-1820x1024.jpg 1820w, https:\/\/www.dodigital.it\/wp-content\/uploads\/2021\/06\/Webinar-IA_Locandina_v5_Picc-768x432.jpg 768w, https:\/\/www.dodigital.it\/wp-content\/uploads\/2021\/06\/Webinar-IA_Locandina_v5_Picc-1536x864.jpg 1536w, https:\/\/www.dodigital.it\/wp-content\/uploads\/2021\/06\/Webinar-IA_Locandina_v5_Picc.jpg 1920w\" sizes=\"auto, (max-width: 655px) 100vw, 655px\" \/><\/h2>\n<h2 style=\"text-align: center;\"><strong>L&#8217;evento si \u00e8 svolto il giorno marted\u00ec 6 luglio 2021<\/strong><\/h2>\n<h4 style=\"text-align: center;\">Per non perdere i nostri prossimi eventi, segnalaci il tuo interesse compilando il form di contatto in fondo alla pagina.<\/h4>\n<div id=\"comp-khqeei5l\" class=\"_2bafp\" data-testid=\"richTextElement\">\n<p>Stai introducendo soluzioni di <a href=\"https:\/\/www.dodigital.it\/intelligenza-artificiale-in-azienda\/\"><strong>Intelligenza Artificiale<\/strong><\/a> all\u2019interno della tua organizzazione oppure stai pensando di farlo? Hai gi\u00e0 avuto modo di individuare le principali difficolt\u00e0 legate a quest\u2019operazione?<\/p>\n<p>O ancora, il progetto di <strong>implementazione<\/strong> \u00e8 andato a buon fine, ma vi sono imprevisti a livello organizzativo che ne impediscono un utilizzo efficace?<\/p>\n<p>Marted\u00ec 6 luglio 2021,<strong> doDigital<\/strong> e <strong>Intellico<\/strong> terranno il webinar \u201c<strong>CREARE IMPRESE INTELLIGENTI: Dal dato al valore in 3 step<\/strong>\u201d, \u00a0pensato per rispondere a queste e altre domande attraverso la testimonianza di tre ospiti in grado di fornire diversi punti di vista sul tema:<\/p>\n<ul>\n<li><strong>Marco Banfi<\/strong> \u2013 CIO &amp; Innovation Manager di <strong>BNP Paribas Leasing Solution <\/strong><\/li>\n<li><strong>Filippo Chiari <\/strong>\u2013 Global Director di <strong>VF Corporation<\/strong><\/li>\n<li><strong>Emanuele Preve<\/strong> \u2013 CFO &amp; Board Member di <strong>Riso Gallo<\/strong><\/li>\n<\/ul>\n<p>Le tre aziende di cui parleremo si trovano infatti, oggi, <strong>a tre diversi stadi di maturit\u00e0<\/strong> nell\u2019adozione di <strong>soluzioni di IA<\/strong>.<\/p>\n<p>L\u2019obiettivo \u00e8 mettere a fattor comune l\u2019<strong>esperienza<\/strong> di chi ha fatto dell\u2019<strong>Intelligenza Artificiale <\/strong>la propria leva strategica e di chi si sta avvicinando oggi all\u2019argomento per esplorare e comprendere opportunit\u00e0 e difficolt\u00e0 che si possono presentare a ciascuno stadio di maturit\u00e0.<\/p>\n<p>Il confronto con gli ospiti sar\u00e0 guidato da Stefano Mainetti e Francesca Saraceni che, dopo aver fornito un quadro d\u2019insieme sulle opportunit\u00e0 abilitate da queste soluzioni, guideranno il confronto con la tavola rotonda per rispondere alle domande ricorrenti di <strong>imprenditori<\/strong> e <strong>manager<\/strong> e comprendere come <strong>inscrivere l\u2019IA nella strategia di impresa<\/strong>, ovvero quali passi seguire per applicarla.<\/p>\n<\/div>\n<div>\n<div>\n<h3 style=\"text-align: center;\"><strong>Sei interessato a questo argomento? <a href=\"https:\/\/www.dodigital.it\/intelligenza-artificiale-in-azienda\/\">Leggi l&#8217;articolo dedicato sul nostro blog<\/a>.<\/strong><\/h3>\n<p>&nbsp;<\/p>\n<h2><strong>Agenda dell&#8217;evento<\/strong><\/h2>\n<ul>\n<li>\n<h4><strong>L\u2019Intelligenza Artificiale: di cosa si tratta e perch\u00e9 gioca un ruolo essenziale<\/strong><\/h4>\n<p>S. Mainetti<\/li>\n<li>\n<h4><strong>Gli ospiti si raccontano: tre diversi stadi di adozione dell\u2019IA<\/strong><\/h4>\n<p>Conversazione modulata da F. Saraceni, con M. Banfi, F. Chiari, E. Preve<\/li>\n<\/ul>\n<p style=\"padding-left: 80px;\"><strong>Argomenti trattati durante la tavola rotonda:<\/strong><\/p>\n<ul>\n<li style=\"list-style-type: none;\">\n<ul>\n<li>Introdurre soluzioni di IA in azienda: da dove cominciare<\/li>\n<li>Sperimentare l\u2019IA con un approccio agile<\/li>\n<li>L&#8217;IA come elemento imprescindibile nel Business Core dell&#8217;impresa<\/li>\n<\/ul>\n<\/li>\n<\/ul>\n<ul>\n<li><strong>Q&amp;A<\/strong><\/li>\n<\/ul>\n<h2><\/h2>\n<h2>Tavola rotonda<\/h2>\n<p><b><span style=\"font-size: 11.5pt; font-family: 'Arial',sans-serif; color: #525349;\"><img loading=\"lazy\" decoding=\"async\" class=\"alignnone wp-image-882 \" src=\"https:\/\/www.dodigital.it\/wp-content\/uploads\/2021\/06\/EmanuelePreve-1.png\" alt=\"\" width=\"61\" height=\"61\" srcset=\"https:\/\/www.dodigital.it\/wp-content\/uploads\/2021\/06\/EmanuelePreve-1.png 158w, https:\/\/www.dodigital.it\/wp-content\/uploads\/2021\/06\/EmanuelePreve-1-150x150.png 150w\" sizes=\"auto, (max-width: 61px) 100vw, 61px\" \/>Emanuele Preve <\/span><\/b><span style=\"font-size: 11.5pt; font-family: 'Arial',sans-serif; color: #525349;\">| <\/span><span style=\"font-size: 11.5pt; font-family: 'Arial',sans-serif; color: #525349;\">CFO &amp;Board Member |<\/span><b><span style=\"font-size: 11.5pt; font-family: 'Arial',sans-serif; color: #525349;\"> <strong>Riso Gallo<\/strong><\/span><\/b><\/p>\n<\/div>\n<div>\n<p><b><span style=\"font-size: 11.5pt; font-family: 'Arial',sans-serif; color: #525349;\"><img loading=\"lazy\" decoding=\"async\" class=\"alignnone wp-image-878 \" src=\"https:\/\/www.dodigital.it\/wp-content\/uploads\/2021\/06\/MarcoBanfi-1.png\" alt=\"\" width=\"61\" height=\"61\" srcset=\"https:\/\/www.dodigital.it\/wp-content\/uploads\/2021\/06\/MarcoBanfi-1.png 156w, https:\/\/www.dodigital.it\/wp-content\/uploads\/2021\/06\/MarcoBanfi-1-150x150.png 150w\" sizes=\"auto, (max-width: 61px) 100vw, 61px\" \/>Marco Banfi <\/span><\/b><span style=\"font-size: 11.5pt; font-family: 'Arial',sans-serif; color: #525349;\">| <\/span><span style=\"font-size: 11.5pt; font-family: 'Arial',sans-serif; color: #525349;\">CIO &amp; Innovation Manager <\/span><span style=\"font-size: 11.5pt; font-family: 'Arial',sans-serif; color: #525349;\">|<b> <strong>BNP Paribas Leasing Solution <\/strong><\/b><\/span><\/p>\n<\/div>\n<\/div>\n<div><b><span style=\"font-size: 11.5pt; font-family: 'Arial',sans-serif; color: #525349;\"><img loading=\"lazy\" decoding=\"async\" class=\"alignnone wp-image-884 \" src=\"https:\/\/www.dodigital.it\/wp-content\/uploads\/2021\/06\/FilippoChiari-1.png\" alt=\"\" width=\"61\" height=\"61\" srcset=\"https:\/\/www.dodigital.it\/wp-content\/uploads\/2021\/06\/FilippoChiari-1.png 157w, https:\/\/www.dodigital.it\/wp-content\/uploads\/2021\/06\/FilippoChiari-1-150x150.png 150w\" sizes=\"auto, (max-width: 61px) 100vw, 61px\" \/>Filippo Chiari<\/span><\/b> <span style=\"font-size: 11.5pt; font-family: 'Arial',sans-serif; color: #525349;\">| Global Director <\/span><span style=\"font-size: 11.5pt; font-family: 'Arial',sans-serif; color: #525349;\">| <\/span><b><span style=\"font-size: 11.5pt; font-family: 'Arial',sans-serif; color: #525349;\"><strong>VF Corporation<\/strong><\/span><\/b><\/div>\n<div><\/div>\n<div>\n<h2>Organizzatori<\/h2>\n<p><img loading=\"lazy\" decoding=\"async\" class=\"alignnone wp-image-880 \" src=\"https:\/\/www.dodigital.it\/wp-content\/uploads\/2021\/06\/StefanoMainetti-1.png\" alt=\"\" width=\"61\" height=\"61\" \/><b><span style=\"font-size: 11.5pt; font-family: 'Arial',sans-serif; color: #525349;\">Stefano Mainetti <\/span><\/b><span style=\"font-size: 11.5pt; font-family: 'Arial',sans-serif; color: #525349;\">| Presidente\u00a0<b>doDigital\u00a0<\/b>e Advisory Board\u00a0<strong>Intellico<\/strong><strong>\u00a0<\/strong><\/span><\/p>\n<p>Da sempre interessato al rapporto tra tecnologia e cultura gestionale, durante la sua carriera professionale ha sviluppato una conoscenza approfondita dell\u2019innovazione che nasce dall\u2019uso delle tecnologie digitali, dal mindset delle startup e dalle metodologie e pratiche organizzative agili.<\/p>\n<\/div>\n<div>\n<p><b><span style=\"font-size: 11.5pt; font-family: 'Arial',sans-serif; color: #525349;\"><img loading=\"lazy\" decoding=\"async\" class=\"alignnone wp-image-886 \" src=\"https:\/\/www.dodigital.it\/wp-content\/uploads\/2021\/06\/FrancescaSaraceni-1.png\" alt=\"\" width=\"61\" height=\"61\" \/>Francesca Saraceni<\/span><\/b><strong><span style=\"font-size: 11.5pt; font-family: 'Arial',sans-serif; color: #525349;\"> | <\/span><\/strong><span style=\"font-size: 11.5pt; font-family: 'Arial',sans-serif; color: #525349;\"> CEO | <\/span><b><span style=\"font-size: 11.5pt; font-family: 'Arial',sans-serif; color: #525349;\">doDigital <\/span><\/b><span style=\"font-size: 11.5pt; font-family: 'Arial',sans-serif; color: #525349;\">e<\/span><b><span style=\"font-size: 11.5pt; font-family: 'Arial',sans-serif; color: #525349;\"> Intellico<\/span><\/b><\/p>\n<p>Affianca da oltre dieci anni medie e grandi imprese nell\u2019attuazione di programmi di trasformazione digitale garantendo il ricorso a paradigmi di innovazione allo stato dell\u2019arte. Durante la sua carriera professionale ha sviluppato una conoscenza approfondita del mercato Software B2B per il quale \u00e8 di recente impegnata nello studio dell\u2019offerta emergente AI-enabled. Supporta le direzioni IT e le direzioni generali nella definizione di percorsi di AI journey che tengano conto delle priorit\u00e0 di business e della maturit\u00e0 digitale presente in azienda.<\/p>\n<\/div>\n<div><\/div>\n<section id=\"comp-khn8rbhl\" class=\"JSM9k\">\n<div class=\"_2EoGw\" data-testid=\"columns\">\n<div id=\"comp-khn8rbhn1\" class=\"_31Ne5\">\n<div id=\"bgLayers_comp-khn8rbhn1\" class=\"X-jRX\">\n<div class=\"mlsxv _22Lsw\" data-testid=\"colorUnderlay\"><\/div>\n<div id=\"bgMedia_comp-khn8rbhn1\" class=\"_1J6n9\"><\/div>\n<\/div>\n<div class=\"\" data-mesh-id=\"comp-khn8rbhn1inlineContent\" data-testid=\"inline-content\">\n<div data-mesh-id=\"comp-khn8rbhn1inlineContent-gridContainer\" data-testid=\"mesh-container-content\">\n<div id=\"comp-ko8dkzu5\" class=\"\">\n<div class=\"TG-Zk _1UnNA\" data-testid=\"svgRoot-comp-ko8dkzu5\"><\/div>\n<\/div>\n<div id=\"comp-ko8du21u\" class=\"_2bafp\" data-testid=\"richTextElement\"><\/div>\n<\/div>\n<\/div>\n<\/div>\n<\/div>\n<\/section>\n<p>&nbsp;<\/p>\n","protected":false},"excerpt":{"rendered":"<p>L&#8217;evento si \u00e8 svolto il giorno marted\u00ec 6 luglio 2021 Per non perdere i nostri prossimi eventi, segnalaci il tuo interesse compilando il form di contatto in fondo alla pagina. Stai introducendo soluzioni di Intelligenza Artificiale all\u2019interno della tua organizzazione oppure stai pensando di farlo? Hai gi\u00e0 avuto modo di individuare le principali difficolt\u00e0 legate [&hellip;]<\/p>\n","protected":false},"author":3,"featured_media":958,"comment_status":"closed","ping_status":"closed","sticky":false,"template":"","format":"standard","meta":{"footnotes":""},"categories":[13],"tags":[88,35],"industries":[],"services":[82,83],"applicativi":[],"class_list":["post-758","post","type-post","status-publish","format-standard","has-post-thumbnail","hentry","category-eventi","tag-intelligenza-artificiale","tag-it-governance","services-data-strategy-data-governance","services-digital-assessment-it-evolution-roadmap"],"_links":{"self":[{"href":"https:\/\/www.dodigital.it\/en\/wp-json\/wp\/v2\/posts\/758","targetHints":{"allow":["GET"]}}],"collection":[{"href":"https:\/\/www.dodigital.it\/en\/wp-json\/wp\/v2\/posts"}],"about":[{"href":"https:\/\/www.dodigital.it\/en\/wp-json\/wp\/v2\/types\/post"}],"author":[{"embeddable":true,"href":"https:\/\/www.dodigital.it\/en\/wp-json\/wp\/v2\/users\/3"}],"replies":[{"embeddable":true,"href":"https:\/\/www.dodigital.it\/en\/wp-json\/wp\/v2\/comments?post=758"}],"version-history":[{"count":18,"href":"https:\/\/www.dodigital.it\/en\/wp-json\/wp\/v2\/posts\/758\/revisions"}],"predecessor-version":[{"id":956,"href":"https:\/\/www.dodigital.it\/en\/wp-json\/wp\/v2\/posts\/758\/revisions\/956"}],"wp:featuredmedia":[{"embeddable":true,"href":"https:\/\/www.dodigital.it\/en\/wp-json\/wp\/v2\/media\/958"}],"wp:attachment":[{"href":"https:\/\/www.dodigital.it\/en\/wp-json\/wp\/v2\/media?parent=758"}],"wp:term":[{"taxonomy":"category","embeddable":true,"href":"https:\/\/www.dodigital.it\/en\/wp-json\/wp\/v2\/categories?post=758"},{"taxonomy":"post_tag","embeddable":true,"href":"https:\/\/www.dodigital.it\/en\/wp-json\/wp\/v2\/tags?post=758"},{"taxonomy":"industries","embeddable":true,"href":"https:\/\/www.dodigital.it\/en\/wp-json\/wp\/v2\/industries?post=758"},{"taxonomy":"services","embeddable":true,"href":"https:\/\/www.dodigital.it\/en\/wp-json\/wp\/v2\/services?post=758"},{"taxonomy":"applicativi","embeddable":true,"href":"https:\/\/www.dodigital.it\/en\/wp-json\/wp\/v2\/applicativi?post=758"}],"curies":[{"name":"wp","href":"https:\/\/api.w.org\/{rel}","templated":true}]}}